{"id":7260,"date":"2024-03-01T15:06:36","date_gmt":"2024-03-01T14:06:36","guid":{"rendered":"https:\/\/sperrag.ch\/?p=7260"},"modified":"2024-12-19T10:18:58","modified_gmt":"2024-12-19T09:18:58","slug":"nouveau-terrafina-lounge-supersize-en-4000-mm-de-long","status":"publish","type":"post","link":"https:\/\/sperrag.ch\/fr\/nouveau-terrafina-lounge-supersize-en-4000-mm-de-long\/","title":{"rendered":"Nouveau : terrafina\u00ae lounge SUPERSIZE en 4000mm de long"},"content":{"rendered":"\n    <section class=\"header-modal-block scrollMagic-block\" data-uid=\"69f5081a48f79\">\n                    <p class=\"subtitle-modal\"> <a href=\"https:\/\/sperrag.ch\/fr\/actuel\/\" class=\"\">Actuel<\/a> <\/p>\n        \n        <h1 class=\"mb_0\">Nouveau: tERRAFINA\u00ae LOUNGE SUPERSIZE EN 4000 MM DE LONG\n<\/h1>\n    <\/section>\n\n\n\n\n\n\n\n    <section class=\"title-and-text-2-cols-block  white-bg\" id=\"\">\n                    <h2 class=\"mb_0 scrollMagic-block\" data-uid=\"69f5081a546a0\">Le design prend une nouvelle dimension\n<\/h2>\n        \n        <div class=\"cols-block \">\n            <div class=\"left-part-block scrollMagic-block\" data-uid=\"69f5081a546a0-1\">\n                \n                \n                                    <img decoding=\"async\" src=\"https:\/\/sperrag.ch\/wp-content\/uploads\/Bild-Supersize-Vorlage-Ausschnitt-fuer-Titelseite-Terrasse-800x629.jpg\" alt=\"\" class=\"desk\">\n                \n\n                \n                <div class=\"desk\">\n                    <div class=\"mediums-block\">\n        <\/div>\n                <\/div>\n            <\/div>\n\n            <div class=\"right-part-block scrollMagic-block delay-animation \" data-uid=\"69f5081a546a0-2\">\n                \n                \n                <div class=\"desk\">\n                                            <p>terrafina\u00ae lounge est synonyme de design exclusif et de haute fonctionnalit\u00e9. Avec la nouvelle ligne de produits SUPERSIZE, terrafina\u00ae lounge allie l&rsquo;aspect esth\u00e9tique des surfaces en bois au format tr\u00e8s appr\u00e9ci\u00e9 des carreaux. Et d\u00e9sormais \u00e9galement disponible en grand format 396 x 4000 mm.<\/p>\n<p>&nbsp;<\/p>\n<p><img loading=\"lazy\" decoding=\"async\" class=\"alignnone size-medium wp-image-7032\" src=\"https:\/\/sperrag.ch\/wp-content\/uploads\/Motiv_8_Supersize-800x600.jpg\" alt=\"\" width=\"800\" height=\"600\" srcset=\"https:\/\/sperrag.ch\/wp-content\/uploads\/Motiv_8_Supersize-800x600.jpg 800w, https:\/\/sperrag.ch\/wp-content\/uploads\/Motiv_8_Supersize-1200x900.jpg 1200w, https:\/\/sperrag.ch\/wp-content\/uploads\/Motiv_8_Supersize-768x576.jpg 768w, https:\/\/sperrag.ch\/wp-content\/uploads\/Motiv_8_Supersize-1536x1152.jpg 1536w, https:\/\/sperrag.ch\/wp-content\/uploads\/Motiv_8_Supersize.jpg 1772w\" sizes=\"auto, (max-width: 800px) 100vw, 800px\" \/><a href=\"https:\/\/sperrag.ch\/produkt\/lignodur-terrafina-lounge-supersize\/\">Cliquez ici pour acc\u00e9der \u00e0 l&rsquo;ensemble de notre gamme de terrasses TERRAFINA\u00ae Lounge.<\/a><\/p>\n<p>&nbsp;<\/p>\n                    \n                    \n                                    <\/div>\n\n                            <\/div>\n        <\/div>\n    <\/section>\n\n\n\n\n\n","protected":false},"excerpt":{"rendered":"","protected":false},"author":4,"featured_media":7018,"comment_status":"closed","ping_status":"open","sticky":false,"template":"","format":"standard","meta":{"_acf_changed":false,"inline_featured_image":false,"footnotes":""},"categories":[3],"tags":[],"class_list":["post-7260","post","type-post","status-publish","format-standard","has-post-thumbnail","hentry","category-non-classifiee"],"acf":[],"yoast_head":"<!-- This site is optimized with the Yoast SEO plugin v27.5 - https:\/\/yoast.com\/product\/yoast-seo-wordpress\/ -->\n<title>Nouveau : terrafina\u00ae lounge SUPERSIZE en 4000mm de long - sperrag<\/title>\n<meta name=\"robots\" content=\"index, follow, max-snippet:-1, max-image-preview:large, max-video-preview:-1\" \/>\n<link rel=\"canonical\" href=\"https:\/\/sperrag.ch\/fr\/nouveau-terrafina-lounge-supersize-en-4000-mm-de-long\/\" \/>\n<meta property=\"og:locale\" content=\"fr_FR\" \/>\n<meta property=\"og:type\" content=\"article\" \/>\n<meta property=\"og:title\" content=\"Nouveau : terrafina\u00ae lounge SUPERSIZE en 4000mm de long - sperrag\" \/>\n<meta property=\"og:url\" content=\"https:\/\/sperrag.ch\/fr\/nouveau-terrafina-lounge-supersize-en-4000-mm-de-long\/\" \/>\n<meta property=\"og:site_name\" content=\"sperrag\" \/>\n<meta property=\"article:published_time\" content=\"2024-03-01T14:06:36+00:00\" \/>\n<meta property=\"article:modified_time\" content=\"2024-12-19T09:18:58+00:00\" \/>\n<meta property=\"og:image\" content=\"https:\/\/sperrag.ch\/wp-content\/uploads\/Terrafina_Hennesee_8.jpg\" \/>\n\t<meta property=\"og:image:width\" content=\"1500\" \/>\n\t<meta property=\"og:image:height\" content=\"992\" \/>\n\t<meta property=\"og:image:type\" content=\"image\/jpeg\" \/>\n<meta name=\"author\" content=\"D\u00e9borah Desfours\" \/>\n<meta name=\"twitter:card\" content=\"summary_large_image\" \/>\n<meta name=\"twitter:label1\" content=\"Written by\" \/>\n\t<meta name=\"twitter:data1\" content=\"D\u00e9borah Desfours\" \/>\n<script type=\"application\/ld+json\" class=\"yoast-schema-graph\">{\"@context\":\"https:\\\/\\\/schema.org\",\"@graph\":[{\"@type\":\"Article\",\"@id\":\"https:\\\/\\\/sperrag.ch\\\/fr\\\/nouveau-terrafina-lounge-supersize-en-4000-mm-de-long\\\/#article\",\"isPartOf\":{\"@id\":\"https:\\\/\\\/sperrag.ch\\\/fr\\\/nouveau-terrafina-lounge-supersize-en-4000-mm-de-long\\\/\"},\"author\":{\"name\":\"D\u00e9borah Desfours\",\"@id\":\"https:\\\/\\\/sperrag.ch\\\/#\\\/schema\\\/person\\\/07828cb4dd611fc45f557f0da1e567a5\"},\"headline\":\"Nouveau : terrafina\u00ae lounge SUPERSIZE en 4000mm de long\",\"datePublished\":\"2024-03-01T14:06:36+00:00\",\"dateModified\":\"2024-12-19T09:18:58+00:00\",\"mainEntityOfPage\":{\"@id\":\"https:\\\/\\\/sperrag.ch\\\/fr\\\/nouveau-terrafina-lounge-supersize-en-4000-mm-de-long\\\/\"},\"wordCount\":8,\"publisher\":{\"@id\":\"https:\\\/\\\/sperrag.ch\\\/#organization\"},\"image\":{\"@id\":\"https:\\\/\\\/sperrag.ch\\\/fr\\\/nouveau-terrafina-lounge-supersize-en-4000-mm-de-long\\\/#primaryimage\"},\"thumbnailUrl\":\"https:\\\/\\\/sperrag.ch\\\/wp-content\\\/uploads\\\/Terrafina_Hennesee_8.jpg\",\"articleSection\":[\"Non classifi\u00e9(e)\"],\"inLanguage\":\"fr-FR\"},{\"@type\":\"WebPage\",\"@id\":\"https:\\\/\\\/sperrag.ch\\\/fr\\\/nouveau-terrafina-lounge-supersize-en-4000-mm-de-long\\\/\",\"url\":\"https:\\\/\\\/sperrag.ch\\\/fr\\\/nouveau-terrafina-lounge-supersize-en-4000-mm-de-long\\\/\",\"name\":\"Nouveau : terrafina\u00ae lounge SUPERSIZE en 4000mm de long - sperrag\",\"isPartOf\":{\"@id\":\"https:\\\/\\\/sperrag.ch\\\/#website\"},\"primaryImageOfPage\":{\"@id\":\"https:\\\/\\\/sperrag.ch\\\/fr\\\/nouveau-terrafina-lounge-supersize-en-4000-mm-de-long\\\/#primaryimage\"},\"image\":{\"@id\":\"https:\\\/\\\/sperrag.ch\\\/fr\\\/nouveau-terrafina-lounge-supersize-en-4000-mm-de-long\\\/#primaryimage\"},\"thumbnailUrl\":\"https:\\\/\\\/sperrag.ch\\\/wp-content\\\/uploads\\\/Terrafina_Hennesee_8.jpg\",\"datePublished\":\"2024-03-01T14:06:36+00:00\",\"dateModified\":\"2024-12-19T09:18:58+00:00\",\"breadcrumb\":{\"@id\":\"https:\\\/\\\/sperrag.ch\\\/fr\\\/nouveau-terrafina-lounge-supersize-en-4000-mm-de-long\\\/#breadcrumb\"},\"inLanguage\":\"fr-FR\",\"potentialAction\":[{\"@type\":\"ReadAction\",\"target\":[\"https:\\\/\\\/sperrag.ch\\\/fr\\\/nouveau-terrafina-lounge-supersize-en-4000-mm-de-long\\\/\"]}]},{\"@type\":\"ImageObject\",\"inLanguage\":\"fr-FR\",\"@id\":\"https:\\\/\\\/sperrag.ch\\\/fr\\\/nouveau-terrafina-lounge-supersize-en-4000-mm-de-long\\\/#primaryimage\",\"url\":\"https:\\\/\\\/sperrag.ch\\\/wp-content\\\/uploads\\\/Terrafina_Hennesee_8.jpg\",\"contentUrl\":\"https:\\\/\\\/sperrag.ch\\\/wp-content\\\/uploads\\\/Terrafina_Hennesee_8.jpg\",\"width\":1500,\"height\":992},{\"@type\":\"BreadcrumbList\",\"@id\":\"https:\\\/\\\/sperrag.ch\\\/fr\\\/nouveau-terrafina-lounge-supersize-en-4000-mm-de-long\\\/#breadcrumb\",\"itemListElement\":[{\"@type\":\"ListItem\",\"position\":1,\"name\":\"Home\",\"item\":\"https:\\\/\\\/sperrag.ch\\\/fr\\\/\"},{\"@type\":\"ListItem\",\"position\":2,\"name\":\"Nouveau : terrafina\u00ae lounge SUPERSIZE en 4000mm de long\"}]},{\"@type\":\"WebSite\",\"@id\":\"https:\\\/\\\/sperrag.ch\\\/#website\",\"url\":\"https:\\\/\\\/sperrag.ch\\\/\",\"name\":\"sperrag\",\"description\":\"\",\"publisher\":{\"@id\":\"https:\\\/\\\/sperrag.ch\\\/#organization\"},\"potentialAction\":[{\"@type\":\"SearchAction\",\"target\":{\"@type\":\"EntryPoint\",\"urlTemplate\":\"https:\\\/\\\/sperrag.ch\\\/?s={search_term_string}\"},\"query-input\":{\"@type\":\"PropertyValueSpecification\",\"valueRequired\":true,\"valueName\":\"search_term_string\"}}],\"inLanguage\":\"fr-FR\"},{\"@type\":\"Organization\",\"@id\":\"https:\\\/\\\/sperrag.ch\\\/#organization\",\"name\":\"sperrag ag\",\"url\":\"https:\\\/\\\/sperrag.ch\\\/\",\"logo\":{\"@type\":\"ImageObject\",\"inLanguage\":\"fr-FR\",\"@id\":\"https:\\\/\\\/sperrag.ch\\\/#\\\/schema\\\/logo\\\/image\\\/\",\"url\":\"https:\\\/\\\/sperrag.ch\\\/wp-content\\\/uploads\\\/Sperrag_logo.svg\",\"contentUrl\":\"https:\\\/\\\/sperrag.ch\\\/wp-content\\\/uploads\\\/Sperrag_logo.svg\",\"width\":421,\"height\":89,\"caption\":\"sperrag ag\"},\"image\":{\"@id\":\"https:\\\/\\\/sperrag.ch\\\/#\\\/schema\\\/logo\\\/image\\\/\"},\"sameAs\":[\"https:\\\/\\\/www.linkedin.com\\\/company\\\/sperrag-ag\"]},{\"@type\":\"Person\",\"@id\":\"https:\\\/\\\/sperrag.ch\\\/#\\\/schema\\\/person\\\/07828cb4dd611fc45f557f0da1e567a5\",\"name\":\"D\u00e9borah Desfours\",\"image\":{\"@type\":\"ImageObject\",\"inLanguage\":\"fr-FR\",\"@id\":\"https:\\\/\\\/secure.gravatar.com\\\/avatar\\\/f03d0e97b2a121918aedbe0f51154319da6a84f6bee52bd268b555a3aee43028?s=96&d=mm&r=g\",\"url\":\"https:\\\/\\\/secure.gravatar.com\\\/avatar\\\/f03d0e97b2a121918aedbe0f51154319da6a84f6bee52bd268b555a3aee43028?s=96&d=mm&r=g\",\"contentUrl\":\"https:\\\/\\\/secure.gravatar.com\\\/avatar\\\/f03d0e97b2a121918aedbe0f51154319da6a84f6bee52bd268b555a3aee43028?s=96&d=mm&r=g\",\"caption\":\"D\u00e9borah Desfours\"}}]}<\/script>\n<!-- \/ Yoast SEO plugin. -->","yoast_head_json":{"title":"Nouveau : terrafina\u00ae lounge SUPERSIZE en 4000mm de long - sperrag","robots":{"index":"index","follow":"follow","max-snippet":"max-snippet:-1","max-image-preview":"max-image-preview:large","max-video-preview":"max-video-preview:-1"},"canonical":"https:\/\/sperrag.ch\/fr\/nouveau-terrafina-lounge-supersize-en-4000-mm-de-long\/","og_locale":"fr_FR","og_type":"article","og_title":"Nouveau : terrafina\u00ae lounge SUPERSIZE en 4000mm de long - sperrag","og_url":"https:\/\/sperrag.ch\/fr\/nouveau-terrafina-lounge-supersize-en-4000-mm-de-long\/","og_site_name":"sperrag","article_published_time":"2024-03-01T14:06:36+00:00","article_modified_time":"2024-12-19T09:18:58+00:00","og_image":[{"width":1500,"height":992,"url":"https:\/\/sperrag.ch\/wp-content\/uploads\/Terrafina_Hennesee_8.jpg","type":"image\/jpeg"}],"author":"D\u00e9borah Desfours","twitter_card":"summary_large_image","twitter_misc":{"Written by":"D\u00e9borah Desfours"},"schema":{"@context":"https:\/\/schema.org","@graph":[{"@type":"Article","@id":"https:\/\/sperrag.ch\/fr\/nouveau-terrafina-lounge-supersize-en-4000-mm-de-long\/#article","isPartOf":{"@id":"https:\/\/sperrag.ch\/fr\/nouveau-terrafina-lounge-supersize-en-4000-mm-de-long\/"},"author":{"name":"D\u00e9borah Desfours","@id":"https:\/\/sperrag.ch\/#\/schema\/person\/07828cb4dd611fc45f557f0da1e567a5"},"headline":"Nouveau : terrafina\u00ae lounge SUPERSIZE en 4000mm de long","datePublished":"2024-03-01T14:06:36+00:00","dateModified":"2024-12-19T09:18:58+00:00","mainEntityOfPage":{"@id":"https:\/\/sperrag.ch\/fr\/nouveau-terrafina-lounge-supersize-en-4000-mm-de-long\/"},"wordCount":8,"publisher":{"@id":"https:\/\/sperrag.ch\/#organization"},"image":{"@id":"https:\/\/sperrag.ch\/fr\/nouveau-terrafina-lounge-supersize-en-4000-mm-de-long\/#primaryimage"},"thumbnailUrl":"https:\/\/sperrag.ch\/wp-content\/uploads\/Terrafina_Hennesee_8.jpg","articleSection":["Non classifi\u00e9(e)"],"inLanguage":"fr-FR"},{"@type":"WebPage","@id":"https:\/\/sperrag.ch\/fr\/nouveau-terrafina-lounge-supersize-en-4000-mm-de-long\/","url":"https:\/\/sperrag.ch\/fr\/nouveau-terrafina-lounge-supersize-en-4000-mm-de-long\/","name":"Nouveau : terrafina\u00ae lounge SUPERSIZE en 4000mm de long - sperrag","isPartOf":{"@id":"https:\/\/sperrag.ch\/#website"},"primaryImageOfPage":{"@id":"https:\/\/sperrag.ch\/fr\/nouveau-terrafina-lounge-supersize-en-4000-mm-de-long\/#primaryimage"},"image":{"@id":"https:\/\/sperrag.ch\/fr\/nouveau-terrafina-lounge-supersize-en-4000-mm-de-long\/#primaryimage"},"thumbnailUrl":"https:\/\/sperrag.ch\/wp-content\/uploads\/Terrafina_Hennesee_8.jpg","datePublished":"2024-03-01T14:06:36+00:00","dateModified":"2024-12-19T09:18:58+00:00","breadcrumb":{"@id":"https:\/\/sperrag.ch\/fr\/nouveau-terrafina-lounge-supersize-en-4000-mm-de-long\/#breadcrumb"},"inLanguage":"fr-FR","potentialAction":[{"@type":"ReadAction","target":["https:\/\/sperrag.ch\/fr\/nouveau-terrafina-lounge-supersize-en-4000-mm-de-long\/"]}]},{"@type":"ImageObject","inLanguage":"fr-FR","@id":"https:\/\/sperrag.ch\/fr\/nouveau-terrafina-lounge-supersize-en-4000-mm-de-long\/#primaryimage","url":"https:\/\/sperrag.ch\/wp-content\/uploads\/Terrafina_Hennesee_8.jpg","contentUrl":"https:\/\/sperrag.ch\/wp-content\/uploads\/Terrafina_Hennesee_8.jpg","width":1500,"height":992},{"@type":"BreadcrumbList","@id":"https:\/\/sperrag.ch\/fr\/nouveau-terrafina-lounge-supersize-en-4000-mm-de-long\/#breadcrumb","itemListElement":[{"@type":"ListItem","position":1,"name":"Home","item":"https:\/\/sperrag.ch\/fr\/"},{"@type":"ListItem","position":2,"name":"Nouveau : terrafina\u00ae lounge SUPERSIZE en 4000mm de long"}]},{"@type":"WebSite","@id":"https:\/\/sperrag.ch\/#website","url":"https:\/\/sperrag.ch\/","name":"sperrag","description":"","publisher":{"@id":"https:\/\/sperrag.ch\/#organization"},"potentialAction":[{"@type":"SearchAction","target":{"@type":"EntryPoint","urlTemplate":"https:\/\/sperrag.ch\/?s={search_term_string}"},"query-input":{"@type":"PropertyValueSpecification","valueRequired":true,"valueName":"search_term_string"}}],"inLanguage":"fr-FR"},{"@type":"Organization","@id":"https:\/\/sperrag.ch\/#organization","name":"sperrag ag","url":"https:\/\/sperrag.ch\/","logo":{"@type":"ImageObject","inLanguage":"fr-FR","@id":"https:\/\/sperrag.ch\/#\/schema\/logo\/image\/","url":"https:\/\/sperrag.ch\/wp-content\/uploads\/Sperrag_logo.svg","contentUrl":"https:\/\/sperrag.ch\/wp-content\/uploads\/Sperrag_logo.svg","width":421,"height":89,"caption":"sperrag ag"},"image":{"@id":"https:\/\/sperrag.ch\/#\/schema\/logo\/image\/"},"sameAs":["https:\/\/www.linkedin.com\/company\/sperrag-ag"]},{"@type":"Person","@id":"https:\/\/sperrag.ch\/#\/schema\/person\/07828cb4dd611fc45f557f0da1e567a5","name":"D\u00e9borah Desfours","image":{"@type":"ImageObject","inLanguage":"fr-FR","@id":"https:\/\/secure.gravatar.com\/avatar\/f03d0e97b2a121918aedbe0f51154319da6a84f6bee52bd268b555a3aee43028?s=96&d=mm&r=g","url":"https:\/\/secure.gravatar.com\/avatar\/f03d0e97b2a121918aedbe0f51154319da6a84f6bee52bd268b555a3aee43028?s=96&d=mm&r=g","contentUrl":"https:\/\/secure.gravatar.com\/avatar\/f03d0e97b2a121918aedbe0f51154319da6a84f6bee52bd268b555a3aee43028?s=96&d=mm&r=g","caption":"D\u00e9borah Desfours"}}]}},"_links":{"self":[{"href":"https:\/\/sperrag.ch\/fr\/wp-json\/wp\/v2\/posts\/7260","targetHints":{"allow":["GET"]}}],"collection":[{"href":"https:\/\/sperrag.ch\/fr\/wp-json\/wp\/v2\/posts"}],"about":[{"href":"https:\/\/sperrag.ch\/fr\/wp-json\/wp\/v2\/types\/post"}],"author":[{"embeddable":true,"href":"https:\/\/sperrag.ch\/fr\/wp-json\/wp\/v2\/users\/4"}],"replies":[{"embeddable":true,"href":"https:\/\/sperrag.ch\/fr\/wp-json\/wp\/v2\/comments?post=7260"}],"version-history":[{"count":14,"href":"https:\/\/sperrag.ch\/fr\/wp-json\/wp\/v2\/posts\/7260\/revisions"}],"predecessor-version":[{"id":8567,"href":"https:\/\/sperrag.ch\/fr\/wp-json\/wp\/v2\/posts\/7260\/revisions\/8567"}],"wp:featuredmedia":[{"embeddable":true,"href":"https:\/\/sperrag.ch\/fr\/wp-json\/wp\/v2\/media\/7018"}],"wp:attachment":[{"href":"https:\/\/sperrag.ch\/fr\/wp-json\/wp\/v2\/media?parent=7260"}],"wp:term":[{"taxonomy":"category","embeddable":true,"href":"https:\/\/sperrag.ch\/fr\/wp-json\/wp\/v2\/categories?post=7260"},{"taxonomy":"post_tag","embeddable":true,"href":"https:\/\/sperrag.ch\/fr\/wp-json\/wp\/v2\/tags?post=7260"}],"curies":[{"name":"wp","href":"https:\/\/api.w.org\/{rel}","templated":true}]}}