{"id":8676,"date":"2024-11-04T17:27:02","date_gmt":"2024-11-04T16:27:02","guid":{"rendered":"https:\/\/sperrag.ch\/?p=8676"},"modified":"2024-11-25T09:29:21","modified_gmt":"2024-11-25T08:29:21","slug":"nouveaute-chez-sperrag-ebauches-de-portes","status":"publish","type":"post","link":"https:\/\/sperrag.ch\/fr\/nouveaute-chez-sperrag-ebauches-de-portes\/","title":{"rendered":"Nouveaut\u00e9 chez sperrag: \u00e9bauches de portes"},"content":{"rendered":"\n    <section class=\"header-modal-block scrollMagic-block\" data-uid=\"69f52cb6108fc\">\n                    <p class=\"subtitle-modal\"> <a href=\"https:\/\/sperrag.ch\/fr\/actuel\/\" class=\"\">Actuel<\/a> <\/p>\n        \n        <h1 class=\"mb_0\">Nouveaut\u00e9 chez sperrag: \u00e9bauches de portes\n<\/h1>\n    <\/section>\n\n\n\n\n\n\n\n    <section class=\"spotlight-block white-bg\" id=\"\">\n                    <h2 class=\"mb_0 scrollMagic-block\" data-uid=\"69f52cb614b1a\">\u00c9bauches de portes pour des solutions individuelles\n<\/h2>\n        \n        <div class=\"cols-block \">\n            <div class=\"left-part-block scrollMagic-block\" data-uid=\"69f52cb614b1a-1\">\n                                    <img decoding=\"async\" src=\"https:\/\/sperrag.ch\/wp-content\/uploads\/tuerroh_news.1-1-730x800.jpg\" alt=\"\">\n                            <\/div>\n\n            <div class=\"right-part-block scrollMagic-block delay-animation\" data-uid=\"69f52cb614b1a-2\">\n                                    <h3 class=\"mb_0\">Des \u00e9bauches de portes de haute qualit\u00e9 maintenant aussi chez sperrag\n<\/h3>\n                    <div class=\"mb-line-smaller-bigger\"><\/div>\n                \n\n                                    <p class=\"mb_0\"><strong>Qualit\u00e9 \u00e0 un prix favorable<\/strong><\/p>\n                    <div class=\"mb-line-more-more-smaller\"><\/div>\n                \n                                    <p class=\"mb_0\">En compl\u00e9ment de nos d\u00e9riv\u00e9s du bois, vous trouverez ici des \u00e9bauches de portes sp\u00e9ciales pour des solutions individuelles.\r\n+++\r\nAeroSlide est la solution l\u00e9g\u00e8re parfaite pour les portes coulissantes individuelles. Avec un peu plus de 400 kg\/m3, AeroSlide fait partie des poids plume parmi les panneaux bruts pour portes et permet ainsi une manipulation ais\u00e9e m\u00eame pour les grands formats. Le panneau a une surface HDF d\u2019environ 3,5 mm d\u2019\u00e9paisseur qui est calibr\u00e9e et ponc\u00e9e. Le noyau est en XPS (polystyr\u00e8ne expans\u00e9) avec un cadre p\u00e9riph\u00e9rique en Albasia about\u00e9 avec une possibilit\u00e9 de raccourcissement de 200 mm en longueur et de 100 mm en largeur. Le stabilisateur est compos\u00e9 de bois stratifi\u00e9 d\u2019environ 30 mm de large.\r\n+++\r\nsperrag Flexiporte est une \u00e9bauche pour les portes ext\u00e9rieures. Elle garantit une qualit\u00e9 sup\u00e9rieure \u00e0 un prix \u00e9quitable. La surface MDF ne n\u00e9cessite pas d\u2019appr\u00eat ou de durcisseur pour bois comme couche de fond. Des surfaces laqu\u00e9es fonc\u00e9es sont possibles \u00e0 tout moment. sperrag Flexiporte dispose d\u2019un cadre en acier sur les quatre c\u00f4t\u00e9s, soud\u00e9 dans les coins et renforc\u00e9 c\u00f4t\u00e9 serrure. Le rev\u00eatement de 9 mm d\u2019\u00e9paisseur peuvent \u00eatre frais\u00e9s. La construction est ouverte \u00e0 la diffusion de vapeur d\u2019eau et r\u00e9duit la dur\u00e9e de vie des outils gr\u00e2ce \u00e0 l\u2019absence d\u2019insert en aluminium. Le cadre en acier est recouvert d\u2019une couche de fond antirouille. Aucune ferrure contre la d\u00e9formation est n\u00e9cessaire. Le fabricant garantit la stabilit\u00e9 climatique, m\u00eame en cas de surfaces fonc\u00e9es. sperrag Flexiporte r\u00e9pond aux exigences de protection contre l\u2019effraction selon la norme DIN EN 1627 avec RC2 et RC2N.<\/p>\n                \n                                    <div class=\"button-block\">\n                        <a href=\"https:\/\/sperrag.ch\/fr\/produit\/ebauche-de-porte\/\"  class=\"btn-with-border dark spotlight-btn open-modal\" data-modalpostid=\"8619\" data-parentpageid=\"8676\">\n                            <div>\n                                En savoir plus \u2026\n                            <\/div>\n                        <\/a>\n                    <\/div>\n                            <\/div>\n        <\/div>\n    <\/section>\n\n\n\n\n\n            <section class=\"teaserboxen-block white-bg \" id=\"\">\n            <div class=\"teaserboxen-cards\">\n                                    <div class=\"teaserbox scrollMagic-block\" data-uid=\"069f52cb61696d\">\n                        <div class=\"teaserbox-text-block  \">\n                                                            <h3 class=\"mb_0\">Flyer sperrag Flexiporte<\/h3>\n                                <div class=\"mb-line-bigger\"><\/div>\n                            \n                                                            <p class=\"bigger mb_0\"><strong>Download Flyer<\/strong><\/p>\n                            \n                                                    <\/div>\n\n                                                    <a href=\"https:\/\/sperrag.ch\/wp-content\/uploads\/Flyer_sperrag_Flexiporte_FR-2.pdf\" target=\"_blank\" class=\"button-area-mob\">\n                                <div class=\"btn-primary-bg-full-width teaserbox-btn \">\n                                    <div>\n                                        Flyer                                    <\/div>\n                                <\/div>\n                            <\/a>\n                        \n                                                    <a href=\"https:\/\/sperrag.ch\/wp-content\/uploads\/Flyer_sperrag_Flexiporte_FR-2.pdf\" target=\"_blank\" class=\"teaserbox-image-block\" style=\"background-image: url('https:\/\/sperrag.ch\/wp-content\/uploads\/Flyer.png')\">\n                                <div class=\"button-area\">\n                                    <div class=\"btn-primary-bg-full-width teaserbox-btn \">\n                                        <div>\n                                            Flyer                                        <\/div>\n                                    <\/div>\n                                <\/div>\n                            <\/a>\n                                            <\/div>\n                                    <div class=\"teaserbox scrollMagic-block\" data-uid=\"169f52cb61696d\">\n                        <div class=\"teaserbox-text-block  \">\n                                                            <h3 class=\"mb_0\">Flyer AeroSlide<\/h3>\n                                <div class=\"mb-line-bigger\"><\/div>\n                            \n                                                            <p class=\"bigger mb_0\"><strong>Download Flyer<\/strong><\/p>\n                            \n                                                    <\/div>\n\n                                                    <a href=\"https:\/\/sperrag.ch\/wp-content\/uploads\/Flyer_AeroSlide_Flyer_A4_neu_FR.pdf\" target=\"_blank\" class=\"button-area-mob\">\n                                <div class=\"btn-primary-bg-full-width teaserbox-btn \">\n                                    <div>\n                                        Flyer                                    <\/div>\n                                <\/div>\n                            <\/a>\n                        \n                                                    <a href=\"https:\/\/sperrag.ch\/wp-content\/uploads\/Flyer_AeroSlide_Flyer_A4_neu_FR.pdf\" target=\"_blank\" class=\"teaserbox-image-block\" style=\"background-image: url('https:\/\/sperrag.ch\/wp-content\/uploads\/Flyer.png')\">\n                                <div class=\"button-area\">\n                                    <div class=\"btn-primary-bg-full-width teaserbox-btn \">\n                                        <div>\n                                            Flyer                                        <\/div>\n                                    <\/div>\n                                <\/div>\n                            <\/a>\n                                            <\/div>\n                                    <div class=\"teaserbox scrollMagic-block\" data-uid=\"269f52cb61696d\">\n                        <div class=\"teaserbox-text-block  \">\n                                                            <h3 class=\"mb_0\">Notre \u00e9quipe vente interne<\/h3>\n                                <div class=\"mb-line-bigger\"><\/div>\n                            \n                                                            <p class=\"bigger mb_0\"><strong>N\u2019h\u00e9sitez pas \u00e0 contacter notre \u00e9quipe de conseillers.<\/strong><\/p>\n                            \n                                                    <\/div>\n\n                                                    <a href=\"https:\/\/sperrag.ch\/fr\/sperrag-ag-fr\/?el=equipe-vente-interne\" target=\"_blank\" class=\"button-area-mob\">\n                                <div class=\"btn-primary-bg-full-width teaserbox-btn \">\n                                    <div>\n                                        prendre contact                                    <\/div>\n                                <\/div>\n                            <\/a>\n                        \n                                                    <a href=\"https:\/\/sperrag.ch\/fr\/sperrag-ag-fr\/?el=equipe-vente-interne\" target=\"_blank\" class=\"teaserbox-image-block\" style=\"background-image: url('https:\/\/sperrag.ch\/wp-content\/uploads\/sperrag-team-innendienst-800x598.jpg')\">\n                                <div class=\"button-area\">\n                                    <div class=\"btn-primary-bg-full-width teaserbox-btn \">\n                                        <div>\n                                            prendre contact                                        <\/div>\n                                    <\/div>\n                                <\/div>\n                            <\/a>\n                                            <\/div>\n                            <\/div>\n        <\/section>\n    \n\n\n\n\n","protected":false},"excerpt":{"rendered":"","protected":false},"author":5,"featured_media":8617,"comment_status":"closed","ping_status":"open","sticky":false,"template":"","format":"standard","meta":{"_acf_changed":false,"inline_featured_image":false,"footnotes":""},"categories":[3],"tags":[],"class_list":["post-8676","post","type-post","status-publish","format-standard","has-post-thumbnail","hentry","category-non-classifiee"],"acf":[],"yoast_head":"<!-- This site is optimized with the Yoast SEO plugin v27.5 - https:\/\/yoast.com\/product\/yoast-seo-wordpress\/ -->\n<title>Nouveaut\u00e9 chez sperrag: \u00e9bauches de portes - sperrag<\/title>\n<meta name=\"robots\" content=\"index, follow, max-snippet:-1, max-image-preview:large, max-video-preview:-1\" \/>\n<link rel=\"canonical\" href=\"https:\/\/sperrag.ch\/fr\/nouveaute-chez-sperrag-ebauches-de-portes\/\" \/>\n<meta property=\"og:locale\" content=\"fr_FR\" \/>\n<meta property=\"og:type\" content=\"article\" \/>\n<meta property=\"og:title\" content=\"Nouveaut\u00e9 chez sperrag: \u00e9bauches de portes - sperrag\" \/>\n<meta property=\"og:url\" content=\"https:\/\/sperrag.ch\/fr\/nouveaute-chez-sperrag-ebauches-de-portes\/\" \/>\n<meta property=\"og:site_name\" content=\"sperrag\" \/>\n<meta property=\"article:published_time\" content=\"2024-11-04T16:27:02+00:00\" \/>\n<meta property=\"article:modified_time\" content=\"2024-11-25T08:29:21+00:00\" \/>\n<meta property=\"og:image\" content=\"https:\/\/sperrag.ch\/wp-content\/uploads\/sperrag-Flexiporte.6.jpg\" \/>\n\t<meta property=\"og:image:width\" content=\"2109\" \/>\n\t<meta property=\"og:image:height\" content=\"757\" \/>\n\t<meta property=\"og:image:type\" content=\"image\/jpeg\" \/>\n<meta name=\"author\" content=\"Esther Wyrsch\" \/>\n<meta name=\"twitter:card\" content=\"summary_large_image\" \/>\n<meta name=\"twitter:label1\" content=\"Written by\" \/>\n\t<meta name=\"twitter:data1\" content=\"Esther Wyrsch\" \/>\n<script type=\"application\/ld+json\" class=\"yoast-schema-graph\">{\"@context\":\"https:\\\/\\\/schema.org\",\"@graph\":[{\"@type\":\"Article\",\"@id\":\"https:\\\/\\\/sperrag.ch\\\/fr\\\/nouveaute-chez-sperrag-ebauches-de-portes\\\/#article\",\"isPartOf\":{\"@id\":\"https:\\\/\\\/sperrag.ch\\\/fr\\\/nouveaute-chez-sperrag-ebauches-de-portes\\\/\"},\"author\":{\"name\":\"Esther Wyrsch\",\"@id\":\"https:\\\/\\\/sperrag.ch\\\/#\\\/schema\\\/person\\\/3ba2bd96a26ada41d932faa65d5678ec\"},\"headline\":\"Nouveaut\u00e9 chez sperrag: \u00e9bauches de portes\",\"datePublished\":\"2024-11-04T16:27:02+00:00\",\"dateModified\":\"2024-11-25T08:29:21+00:00\",\"mainEntityOfPage\":{\"@id\":\"https:\\\/\\\/sperrag.ch\\\/fr\\\/nouveaute-chez-sperrag-ebauches-de-portes\\\/\"},\"wordCount\":6,\"publisher\":{\"@id\":\"https:\\\/\\\/sperrag.ch\\\/#organization\"},\"image\":{\"@id\":\"https:\\\/\\\/sperrag.ch\\\/fr\\\/nouveaute-chez-sperrag-ebauches-de-portes\\\/#primaryimage\"},\"thumbnailUrl\":\"https:\\\/\\\/sperrag.ch\\\/wp-content\\\/uploads\\\/sperrag-Flexiporte.6.jpg\",\"articleSection\":[\"Non classifi\u00e9(e)\"],\"inLanguage\":\"fr-FR\"},{\"@type\":\"WebPage\",\"@id\":\"https:\\\/\\\/sperrag.ch\\\/fr\\\/nouveaute-chez-sperrag-ebauches-de-portes\\\/\",\"url\":\"https:\\\/\\\/sperrag.ch\\\/fr\\\/nouveaute-chez-sperrag-ebauches-de-portes\\\/\",\"name\":\"Nouveaut\u00e9 chez sperrag: \u00e9bauches de portes - sperrag\",\"isPartOf\":{\"@id\":\"https:\\\/\\\/sperrag.ch\\\/#website\"},\"primaryImageOfPage\":{\"@id\":\"https:\\\/\\\/sperrag.ch\\\/fr\\\/nouveaute-chez-sperrag-ebauches-de-portes\\\/#primaryimage\"},\"image\":{\"@id\":\"https:\\\/\\\/sperrag.ch\\\/fr\\\/nouveaute-chez-sperrag-ebauches-de-portes\\\/#primaryimage\"},\"thumbnailUrl\":\"https:\\\/\\\/sperrag.ch\\\/wp-content\\\/uploads\\\/sperrag-Flexiporte.6.jpg\",\"datePublished\":\"2024-11-04T16:27:02+00:00\",\"dateModified\":\"2024-11-25T08:29:21+00:00\",\"breadcrumb\":{\"@id\":\"https:\\\/\\\/sperrag.ch\\\/fr\\\/nouveaute-chez-sperrag-ebauches-de-portes\\\/#breadcrumb\"},\"inLanguage\":\"fr-FR\",\"potentialAction\":[{\"@type\":\"ReadAction\",\"target\":[\"https:\\\/\\\/sperrag.ch\\\/fr\\\/nouveaute-chez-sperrag-ebauches-de-portes\\\/\"]}]},{\"@type\":\"ImageObject\",\"inLanguage\":\"fr-FR\",\"@id\":\"https:\\\/\\\/sperrag.ch\\\/fr\\\/nouveaute-chez-sperrag-ebauches-de-portes\\\/#primaryimage\",\"url\":\"https:\\\/\\\/sperrag.ch\\\/wp-content\\\/uploads\\\/sperrag-Flexiporte.6.jpg\",\"contentUrl\":\"https:\\\/\\\/sperrag.ch\\\/wp-content\\\/uploads\\\/sperrag-Flexiporte.6.jpg\",\"width\":2109,\"height\":757},{\"@type\":\"BreadcrumbList\",\"@id\":\"https:\\\/\\\/sperrag.ch\\\/fr\\\/nouveaute-chez-sperrag-ebauches-de-portes\\\/#breadcrumb\",\"itemListElement\":[{\"@type\":\"ListItem\",\"position\":1,\"name\":\"Home\",\"item\":\"https:\\\/\\\/sperrag.ch\\\/fr\\\/\"},{\"@type\":\"ListItem\",\"position\":2,\"name\":\"Nouveaut\u00e9 chez sperrag: \u00e9bauches de portes\"}]},{\"@type\":\"WebSite\",\"@id\":\"https:\\\/\\\/sperrag.ch\\\/#website\",\"url\":\"https:\\\/\\\/sperrag.ch\\\/\",\"name\":\"sperrag\",\"description\":\"\",\"publisher\":{\"@id\":\"https:\\\/\\\/sperrag.ch\\\/#organization\"},\"potentialAction\":[{\"@type\":\"SearchAction\",\"target\":{\"@type\":\"EntryPoint\",\"urlTemplate\":\"https:\\\/\\\/sperrag.ch\\\/?s={search_term_string}\"},\"query-input\":{\"@type\":\"PropertyValueSpecification\",\"valueRequired\":true,\"valueName\":\"search_term_string\"}}],\"inLanguage\":\"fr-FR\"},{\"@type\":\"Organization\",\"@id\":\"https:\\\/\\\/sperrag.ch\\\/#organization\",\"name\":\"sperrag ag\",\"url\":\"https:\\\/\\\/sperrag.ch\\\/\",\"logo\":{\"@type\":\"ImageObject\",\"inLanguage\":\"fr-FR\",\"@id\":\"https:\\\/\\\/sperrag.ch\\\/#\\\/schema\\\/logo\\\/image\\\/\",\"url\":\"https:\\\/\\\/sperrag.ch\\\/wp-content\\\/uploads\\\/Sperrag_logo.svg\",\"contentUrl\":\"https:\\\/\\\/sperrag.ch\\\/wp-content\\\/uploads\\\/Sperrag_logo.svg\",\"width\":421,\"height\":89,\"caption\":\"sperrag ag\"},\"image\":{\"@id\":\"https:\\\/\\\/sperrag.ch\\\/#\\\/schema\\\/logo\\\/image\\\/\"},\"sameAs\":[\"https:\\\/\\\/www.linkedin.com\\\/company\\\/sperrag-ag\"]},{\"@type\":\"Person\",\"@id\":\"https:\\\/\\\/sperrag.ch\\\/#\\\/schema\\\/person\\\/3ba2bd96a26ada41d932faa65d5678ec\",\"name\":\"Esther Wyrsch\",\"image\":{\"@type\":\"ImageObject\",\"inLanguage\":\"fr-FR\",\"@id\":\"https:\\\/\\\/secure.gravatar.com\\\/avatar\\\/2158d93781ae17df802331c03a042bc4d72739d8f49dfc53ca4eeff631605cef?s=96&d=mm&r=g\",\"url\":\"https:\\\/\\\/secure.gravatar.com\\\/avatar\\\/2158d93781ae17df802331c03a042bc4d72739d8f49dfc53ca4eeff631605cef?s=96&d=mm&r=g\",\"contentUrl\":\"https:\\\/\\\/secure.gravatar.com\\\/avatar\\\/2158d93781ae17df802331c03a042bc4d72739d8f49dfc53ca4eeff631605cef?s=96&d=mm&r=g\",\"caption\":\"Esther Wyrsch\"}}]}<\/script>\n<!-- \/ Yoast SEO plugin. -->","yoast_head_json":{"title":"Nouveaut\u00e9 chez sperrag: \u00e9bauches de portes - sperrag","robots":{"index":"index","follow":"follow","max-snippet":"max-snippet:-1","max-image-preview":"max-image-preview:large","max-video-preview":"max-video-preview:-1"},"canonical":"https:\/\/sperrag.ch\/fr\/nouveaute-chez-sperrag-ebauches-de-portes\/","og_locale":"fr_FR","og_type":"article","og_title":"Nouveaut\u00e9 chez sperrag: \u00e9bauches de portes - sperrag","og_url":"https:\/\/sperrag.ch\/fr\/nouveaute-chez-sperrag-ebauches-de-portes\/","og_site_name":"sperrag","article_published_time":"2024-11-04T16:27:02+00:00","article_modified_time":"2024-11-25T08:29:21+00:00","og_image":[{"width":2109,"height":757,"url":"https:\/\/sperrag.ch\/wp-content\/uploads\/sperrag-Flexiporte.6.jpg","type":"image\/jpeg"}],"author":"Esther Wyrsch","twitter_card":"summary_large_image","twitter_misc":{"Written by":"Esther Wyrsch"},"schema":{"@context":"https:\/\/schema.org","@graph":[{"@type":"Article","@id":"https:\/\/sperrag.ch\/fr\/nouveaute-chez-sperrag-ebauches-de-portes\/#article","isPartOf":{"@id":"https:\/\/sperrag.ch\/fr\/nouveaute-chez-sperrag-ebauches-de-portes\/"},"author":{"name":"Esther Wyrsch","@id":"https:\/\/sperrag.ch\/#\/schema\/person\/3ba2bd96a26ada41d932faa65d5678ec"},"headline":"Nouveaut\u00e9 chez sperrag: \u00e9bauches de portes","datePublished":"2024-11-04T16:27:02+00:00","dateModified":"2024-11-25T08:29:21+00:00","mainEntityOfPage":{"@id":"https:\/\/sperrag.ch\/fr\/nouveaute-chez-sperrag-ebauches-de-portes\/"},"wordCount":6,"publisher":{"@id":"https:\/\/sperrag.ch\/#organization"},"image":{"@id":"https:\/\/sperrag.ch\/fr\/nouveaute-chez-sperrag-ebauches-de-portes\/#primaryimage"},"thumbnailUrl":"https:\/\/sperrag.ch\/wp-content\/uploads\/sperrag-Flexiporte.6.jpg","articleSection":["Non classifi\u00e9(e)"],"inLanguage":"fr-FR"},{"@type":"WebPage","@id":"https:\/\/sperrag.ch\/fr\/nouveaute-chez-sperrag-ebauches-de-portes\/","url":"https:\/\/sperrag.ch\/fr\/nouveaute-chez-sperrag-ebauches-de-portes\/","name":"Nouveaut\u00e9 chez sperrag: \u00e9bauches de portes - sperrag","isPartOf":{"@id":"https:\/\/sperrag.ch\/#website"},"primaryImageOfPage":{"@id":"https:\/\/sperrag.ch\/fr\/nouveaute-chez-sperrag-ebauches-de-portes\/#primaryimage"},"image":{"@id":"https:\/\/sperrag.ch\/fr\/nouveaute-chez-sperrag-ebauches-de-portes\/#primaryimage"},"thumbnailUrl":"https:\/\/sperrag.ch\/wp-content\/uploads\/sperrag-Flexiporte.6.jpg","datePublished":"2024-11-04T16:27:02+00:00","dateModified":"2024-11-25T08:29:21+00:00","breadcrumb":{"@id":"https:\/\/sperrag.ch\/fr\/nouveaute-chez-sperrag-ebauches-de-portes\/#breadcrumb"},"inLanguage":"fr-FR","potentialAction":[{"@type":"ReadAction","target":["https:\/\/sperrag.ch\/fr\/nouveaute-chez-sperrag-ebauches-de-portes\/"]}]},{"@type":"ImageObject","inLanguage":"fr-FR","@id":"https:\/\/sperrag.ch\/fr\/nouveaute-chez-sperrag-ebauches-de-portes\/#primaryimage","url":"https:\/\/sperrag.ch\/wp-content\/uploads\/sperrag-Flexiporte.6.jpg","contentUrl":"https:\/\/sperrag.ch\/wp-content\/uploads\/sperrag-Flexiporte.6.jpg","width":2109,"height":757},{"@type":"BreadcrumbList","@id":"https:\/\/sperrag.ch\/fr\/nouveaute-chez-sperrag-ebauches-de-portes\/#breadcrumb","itemListElement":[{"@type":"ListItem","position":1,"name":"Home","item":"https:\/\/sperrag.ch\/fr\/"},{"@type":"ListItem","position":2,"name":"Nouveaut\u00e9 chez sperrag: \u00e9bauches de portes"}]},{"@type":"WebSite","@id":"https:\/\/sperrag.ch\/#website","url":"https:\/\/sperrag.ch\/","name":"sperrag","description":"","publisher":{"@id":"https:\/\/sperrag.ch\/#organization"},"potentialAction":[{"@type":"SearchAction","target":{"@type":"EntryPoint","urlTemplate":"https:\/\/sperrag.ch\/?s={search_term_string}"},"query-input":{"@type":"PropertyValueSpecification","valueRequired":true,"valueName":"search_term_string"}}],"inLanguage":"fr-FR"},{"@type":"Organization","@id":"https:\/\/sperrag.ch\/#organization","name":"sperrag ag","url":"https:\/\/sperrag.ch\/","logo":{"@type":"ImageObject","inLanguage":"fr-FR","@id":"https:\/\/sperrag.ch\/#\/schema\/logo\/image\/","url":"https:\/\/sperrag.ch\/wp-content\/uploads\/Sperrag_logo.svg","contentUrl":"https:\/\/sperrag.ch\/wp-content\/uploads\/Sperrag_logo.svg","width":421,"height":89,"caption":"sperrag ag"},"image":{"@id":"https:\/\/sperrag.ch\/#\/schema\/logo\/image\/"},"sameAs":["https:\/\/www.linkedin.com\/company\/sperrag-ag"]},{"@type":"Person","@id":"https:\/\/sperrag.ch\/#\/schema\/person\/3ba2bd96a26ada41d932faa65d5678ec","name":"Esther Wyrsch","image":{"@type":"ImageObject","inLanguage":"fr-FR","@id":"https:\/\/secure.gravatar.com\/avatar\/2158d93781ae17df802331c03a042bc4d72739d8f49dfc53ca4eeff631605cef?s=96&d=mm&r=g","url":"https:\/\/secure.gravatar.com\/avatar\/2158d93781ae17df802331c03a042bc4d72739d8f49dfc53ca4eeff631605cef?s=96&d=mm&r=g","contentUrl":"https:\/\/secure.gravatar.com\/avatar\/2158d93781ae17df802331c03a042bc4d72739d8f49dfc53ca4eeff631605cef?s=96&d=mm&r=g","caption":"Esther Wyrsch"}}]}},"_links":{"self":[{"href":"https:\/\/sperrag.ch\/fr\/wp-json\/wp\/v2\/posts\/8676","targetHints":{"allow":["GET"]}}],"collection":[{"href":"https:\/\/sperrag.ch\/fr\/wp-json\/wp\/v2\/posts"}],"about":[{"href":"https:\/\/sperrag.ch\/fr\/wp-json\/wp\/v2\/types\/post"}],"author":[{"embeddable":true,"href":"https:\/\/sperrag.ch\/fr\/wp-json\/wp\/v2\/users\/5"}],"replies":[{"embeddable":true,"href":"https:\/\/sperrag.ch\/fr\/wp-json\/wp\/v2\/comments?post=8676"}],"version-history":[{"count":12,"href":"https:\/\/sperrag.ch\/fr\/wp-json\/wp\/v2\/posts\/8676\/revisions"}],"predecessor-version":[{"id":8700,"href":"https:\/\/sperrag.ch\/fr\/wp-json\/wp\/v2\/posts\/8676\/revisions\/8700"}],"wp:featuredmedia":[{"embeddable":true,"href":"https:\/\/sperrag.ch\/fr\/wp-json\/wp\/v2\/media\/8617"}],"wp:attachment":[{"href":"https:\/\/sperrag.ch\/fr\/wp-json\/wp\/v2\/media?parent=8676"}],"wp:term":[{"taxonomy":"category","embeddable":true,"href":"https:\/\/sperrag.ch\/fr\/wp-json\/wp\/v2\/categories?post=8676"},{"taxonomy":"post_tag","embeddable":true,"href":"https:\/\/sperrag.ch\/fr\/wp-json\/wp\/v2\/tags?post=8676"}],"curies":[{"name":"wp","href":"https:\/\/api.w.org\/{rel}","templated":true}]}}