{"id":9086,"date":"2025-02-04T15:11:57","date_gmt":"2025-02-04T14:11:57","guid":{"rendered":"https:\/\/sperrag.ch\/?p=9086"},"modified":"2025-02-04T15:23:08","modified_gmt":"2025-02-04T14:23:08","slug":"le-contreplaque-wisa-revetu-recoit-une-nouvelle-nuance-de-couleur","status":"publish","type":"post","link":"https:\/\/sperrag.ch\/fr\/le-contreplaque-wisa-revetu-recoit-une-nouvelle-nuance-de-couleur\/","title":{"rendered":"Le contreplaqu\u00e9 WISA\u00ae rev\u00eatu re\u00e7oit une nouvelle nuance de couleur"},"content":{"rendered":"\n    <section class=\"header-modal-block scrollMagic-block\" data-uid=\"69f5d42a763cc\">\n                    <p class=\"subtitle-modal\"> <a href=\"https:\/\/sperrag.ch\/fr\/actuel\/\" class=\"\">Actuel<\/a> <\/p>\n        \n        <h1 class=\"mb_0\">Le contreplaqu\u00e9 WISA\u00ae rev\u00eatu re\u00e7oit une nouvelle nuance de couleur\n<\/h1>\n    <\/section>\n\n\n\n\n\n\n\n    <section class=\"spotlight-block white-bg\" id=\"\">\n        \n        <div class=\"cols-block no-title\">\n            <div class=\"left-part-block scrollMagic-block\" data-uid=\"69f5d42a7c0cb-1\">\n                                    <img decoding=\"async\" src=\"https:\/\/sperrag.ch\/wp-content\/uploads\/Paketbeschriftung_UPM_neue_Farbe_Form_Wire-800x372.jpg\" alt=\"\">\n                            <\/div>\n\n            <div class=\"right-part-block scrollMagic-block delay-animation\" data-uid=\"69f5d42a7c0cb-2\">\n                \n\n                                    <p class=\"mb_0\"><strong>UPM Plywood change la teinte du rev\u00eatement des contreplaqu\u00e9s WISA\u00ae pour une teinte brune plus fonc\u00e9e. Ce changement donne aux produits un aspect plus uniforme et plus moderne, sans modifier leurs caract\u00e9ristiques techniques ou leurs possibilit\u00e9s d&rsquo;utilisation.<\/strong><\/p>\n                    <div class=\"mb-line-more-more-smaller\"><\/div>\n                \n                                    <p class=\"mb_0\">La mise \u00e0 jour des couleurs s&rsquo;applique \u00e0 tous les contreplaqu\u00e9s WISA\u00ae rev\u00eatus d&rsquo;un brun fonc\u00e9 d&rsquo;UPM, utilis\u00e9s entre autres comme rev\u00eatements de sol pour v\u00e9hicules et pour les coffrages \u00e0 b\u00e9ton. La couleur brune du rev\u00eatement est adapt\u00e9e \u00e0 une teinte plus fonc\u00e9e.\r\n\r\n<br><br>\r\n<a href=\"https:\/\/www.wisaplywood.com\/articles\/plywood\/25\/coated-wisa-plywood-gets-new-colour-shade\/\" target=\"_blank\">Vers l&rsquo;article<\/a><\/p>\n                \n                                    <div class=\"button-block\">\n                        <a href=\"https:\/\/sperrag.ch\/fr\/gammes-de-produits\/derives-du-bois\/\"  class=\"btn-with-border dark spotlight-btn \" data-modalpostid=\"3233\" data-parentpageid=\"9086\">\n                            <div>\n                                En savoir plus \u2026\n                            <\/div>\n                        <\/a>\n                    <\/div>\n                            <\/div>\n        <\/div>\n    <\/section>\n\n\n","protected":false},"excerpt":{"rendered":"","protected":false},"author":5,"featured_media":9064,"comment_status":"closed","ping_status":"open","sticky":false,"template":"","format":"standard","meta":{"_acf_changed":false,"inline_featured_image":false,"footnotes":""},"categories":[3],"tags":[],"class_list":["post-9086","post","type-post","status-publish","format-standard","has-post-thumbnail","hentry","category-non-classifiee"],"acf":[],"yoast_head":"<!-- This site is optimized with the Yoast SEO plugin v27.5 - https:\/\/yoast.com\/product\/yoast-seo-wordpress\/ -->\n<title>Le contreplaqu\u00e9 WISA\u00ae rev\u00eatu re\u00e7oit une nouvelle nuance de couleur - sperrag<\/title>\n<meta name=\"robots\" content=\"index, follow, max-snippet:-1, max-image-preview:large, max-video-preview:-1\" \/>\n<link rel=\"canonical\" href=\"https:\/\/sperrag.ch\/fr\/le-contreplaque-wisa-revetu-recoit-une-nouvelle-nuance-de-couleur\/\" \/>\n<meta property=\"og:locale\" content=\"fr_FR\" \/>\n<meta property=\"og:type\" content=\"article\" \/>\n<meta property=\"og:title\" content=\"Le contreplaqu\u00e9 WISA\u00ae rev\u00eatu re\u00e7oit une nouvelle nuance de couleur - sperrag\" \/>\n<meta property=\"og:url\" content=\"https:\/\/sperrag.ch\/fr\/le-contreplaque-wisa-revetu-recoit-une-nouvelle-nuance-de-couleur\/\" \/>\n<meta property=\"og:site_name\" content=\"sperrag\" \/>\n<meta property=\"article:published_time\" content=\"2025-02-04T14:11:57+00:00\" \/>\n<meta property=\"article:modified_time\" content=\"2025-02-04T14:23:08+00:00\" \/>\n<meta property=\"og:image\" content=\"https:\/\/sperrag.ch\/wp-content\/uploads\/WISA_Form_Wire_Farbe_ALT-NEU_2025.png\" \/>\n\t<meta property=\"og:image:width\" content=\"756\" \/>\n\t<meta property=\"og:image:height\" content=\"378\" \/>\n\t<meta property=\"og:image:type\" content=\"image\/png\" \/>\n<meta name=\"author\" content=\"Esther Wyrsch\" \/>\n<meta name=\"twitter:card\" content=\"summary_large_image\" \/>\n<meta name=\"twitter:label1\" content=\"Written by\" \/>\n\t<meta name=\"twitter:data1\" content=\"Esther Wyrsch\" \/>\n<script type=\"application\/ld+json\" class=\"yoast-schema-graph\">{\"@context\":\"https:\\\/\\\/schema.org\",\"@graph\":[{\"@type\":\"Article\",\"@id\":\"https:\\\/\\\/sperrag.ch\\\/fr\\\/le-contreplaque-wisa-revetu-recoit-une-nouvelle-nuance-de-couleur\\\/#article\",\"isPartOf\":{\"@id\":\"https:\\\/\\\/sperrag.ch\\\/fr\\\/le-contreplaque-wisa-revetu-recoit-une-nouvelle-nuance-de-couleur\\\/\"},\"author\":{\"name\":\"Esther Wyrsch\",\"@id\":\"https:\\\/\\\/sperrag.ch\\\/#\\\/schema\\\/person\\\/3ba2bd96a26ada41d932faa65d5678ec\"},\"headline\":\"Le contreplaqu\u00e9 WISA\u00ae rev\u00eatu re\u00e7oit une nouvelle nuance de couleur\",\"datePublished\":\"2025-02-04T14:11:57+00:00\",\"dateModified\":\"2025-02-04T14:23:08+00:00\",\"mainEntityOfPage\":{\"@id\":\"https:\\\/\\\/sperrag.ch\\\/fr\\\/le-contreplaque-wisa-revetu-recoit-une-nouvelle-nuance-de-couleur\\\/\"},\"wordCount\":12,\"publisher\":{\"@id\":\"https:\\\/\\\/sperrag.ch\\\/#organization\"},\"image\":{\"@id\":\"https:\\\/\\\/sperrag.ch\\\/fr\\\/le-contreplaque-wisa-revetu-recoit-une-nouvelle-nuance-de-couleur\\\/#primaryimage\"},\"thumbnailUrl\":\"https:\\\/\\\/sperrag.ch\\\/wp-content\\\/uploads\\\/WISA_Form_Wire_Farbe_ALT-NEU_2025.png\",\"articleSection\":[\"Non classifi\u00e9(e)\"],\"inLanguage\":\"fr-FR\"},{\"@type\":\"WebPage\",\"@id\":\"https:\\\/\\\/sperrag.ch\\\/fr\\\/le-contreplaque-wisa-revetu-recoit-une-nouvelle-nuance-de-couleur\\\/\",\"url\":\"https:\\\/\\\/sperrag.ch\\\/fr\\\/le-contreplaque-wisa-revetu-recoit-une-nouvelle-nuance-de-couleur\\\/\",\"name\":\"Le contreplaqu\u00e9 WISA\u00ae rev\u00eatu re\u00e7oit une nouvelle nuance de couleur - sperrag\",\"isPartOf\":{\"@id\":\"https:\\\/\\\/sperrag.ch\\\/#website\"},\"primaryImageOfPage\":{\"@id\":\"https:\\\/\\\/sperrag.ch\\\/fr\\\/le-contreplaque-wisa-revetu-recoit-une-nouvelle-nuance-de-couleur\\\/#primaryimage\"},\"image\":{\"@id\":\"https:\\\/\\\/sperrag.ch\\\/fr\\\/le-contreplaque-wisa-revetu-recoit-une-nouvelle-nuance-de-couleur\\\/#primaryimage\"},\"thumbnailUrl\":\"https:\\\/\\\/sperrag.ch\\\/wp-content\\\/uploads\\\/WISA_Form_Wire_Farbe_ALT-NEU_2025.png\",\"datePublished\":\"2025-02-04T14:11:57+00:00\",\"dateModified\":\"2025-02-04T14:23:08+00:00\",\"breadcrumb\":{\"@id\":\"https:\\\/\\\/sperrag.ch\\\/fr\\\/le-contreplaque-wisa-revetu-recoit-une-nouvelle-nuance-de-couleur\\\/#breadcrumb\"},\"inLanguage\":\"fr-FR\",\"potentialAction\":[{\"@type\":\"ReadAction\",\"target\":[\"https:\\\/\\\/sperrag.ch\\\/fr\\\/le-contreplaque-wisa-revetu-recoit-une-nouvelle-nuance-de-couleur\\\/\"]}]},{\"@type\":\"ImageObject\",\"inLanguage\":\"fr-FR\",\"@id\":\"https:\\\/\\\/sperrag.ch\\\/fr\\\/le-contreplaque-wisa-revetu-recoit-une-nouvelle-nuance-de-couleur\\\/#primaryimage\",\"url\":\"https:\\\/\\\/sperrag.ch\\\/wp-content\\\/uploads\\\/WISA_Form_Wire_Farbe_ALT-NEU_2025.png\",\"contentUrl\":\"https:\\\/\\\/sperrag.ch\\\/wp-content\\\/uploads\\\/WISA_Form_Wire_Farbe_ALT-NEU_2025.png\",\"width\":756,\"height\":378},{\"@type\":\"BreadcrumbList\",\"@id\":\"https:\\\/\\\/sperrag.ch\\\/fr\\\/le-contreplaque-wisa-revetu-recoit-une-nouvelle-nuance-de-couleur\\\/#breadcrumb\",\"itemListElement\":[{\"@type\":\"ListItem\",\"position\":1,\"name\":\"Home\",\"item\":\"https:\\\/\\\/sperrag.ch\\\/fr\\\/\"},{\"@type\":\"ListItem\",\"position\":2,\"name\":\"Le contreplaqu\u00e9 WISA\u00ae rev\u00eatu re\u00e7oit une nouvelle nuance de couleur\"}]},{\"@type\":\"WebSite\",\"@id\":\"https:\\\/\\\/sperrag.ch\\\/#website\",\"url\":\"https:\\\/\\\/sperrag.ch\\\/\",\"name\":\"sperrag\",\"description\":\"\",\"publisher\":{\"@id\":\"https:\\\/\\\/sperrag.ch\\\/#organization\"},\"potentialAction\":[{\"@type\":\"SearchAction\",\"target\":{\"@type\":\"EntryPoint\",\"urlTemplate\":\"https:\\\/\\\/sperrag.ch\\\/?s={search_term_string}\"},\"query-input\":{\"@type\":\"PropertyValueSpecification\",\"valueRequired\":true,\"valueName\":\"search_term_string\"}}],\"inLanguage\":\"fr-FR\"},{\"@type\":\"Organization\",\"@id\":\"https:\\\/\\\/sperrag.ch\\\/#organization\",\"name\":\"sperrag ag\",\"url\":\"https:\\\/\\\/sperrag.ch\\\/\",\"logo\":{\"@type\":\"ImageObject\",\"inLanguage\":\"fr-FR\",\"@id\":\"https:\\\/\\\/sperrag.ch\\\/#\\\/schema\\\/logo\\\/image\\\/\",\"url\":\"https:\\\/\\\/sperrag.ch\\\/wp-content\\\/uploads\\\/Sperrag_logo.svg\",\"contentUrl\":\"https:\\\/\\\/sperrag.ch\\\/wp-content\\\/uploads\\\/Sperrag_logo.svg\",\"width\":421,\"height\":89,\"caption\":\"sperrag ag\"},\"image\":{\"@id\":\"https:\\\/\\\/sperrag.ch\\\/#\\\/schema\\\/logo\\\/image\\\/\"},\"sameAs\":[\"https:\\\/\\\/www.linkedin.com\\\/company\\\/sperrag-ag\"]},{\"@type\":\"Person\",\"@id\":\"https:\\\/\\\/sperrag.ch\\\/#\\\/schema\\\/person\\\/3ba2bd96a26ada41d932faa65d5678ec\",\"name\":\"Esther Wyrsch\",\"image\":{\"@type\":\"ImageObject\",\"inLanguage\":\"fr-FR\",\"@id\":\"https:\\\/\\\/secure.gravatar.com\\\/avatar\\\/2158d93781ae17df802331c03a042bc4d72739d8f49dfc53ca4eeff631605cef?s=96&d=mm&r=g\",\"url\":\"https:\\\/\\\/secure.gravatar.com\\\/avatar\\\/2158d93781ae17df802331c03a042bc4d72739d8f49dfc53ca4eeff631605cef?s=96&d=mm&r=g\",\"contentUrl\":\"https:\\\/\\\/secure.gravatar.com\\\/avatar\\\/2158d93781ae17df802331c03a042bc4d72739d8f49dfc53ca4eeff631605cef?s=96&d=mm&r=g\",\"caption\":\"Esther Wyrsch\"}}]}<\/script>\n<!-- \/ Yoast SEO plugin. -->","yoast_head_json":{"title":"Le contreplaqu\u00e9 WISA\u00ae rev\u00eatu re\u00e7oit une nouvelle nuance de couleur - sperrag","robots":{"index":"index","follow":"follow","max-snippet":"max-snippet:-1","max-image-preview":"max-image-preview:large","max-video-preview":"max-video-preview:-1"},"canonical":"https:\/\/sperrag.ch\/fr\/le-contreplaque-wisa-revetu-recoit-une-nouvelle-nuance-de-couleur\/","og_locale":"fr_FR","og_type":"article","og_title":"Le contreplaqu\u00e9 WISA\u00ae rev\u00eatu re\u00e7oit une nouvelle nuance de couleur - sperrag","og_url":"https:\/\/sperrag.ch\/fr\/le-contreplaque-wisa-revetu-recoit-une-nouvelle-nuance-de-couleur\/","og_site_name":"sperrag","article_published_time":"2025-02-04T14:11:57+00:00","article_modified_time":"2025-02-04T14:23:08+00:00","og_image":[{"width":756,"height":378,"url":"https:\/\/sperrag.ch\/wp-content\/uploads\/WISA_Form_Wire_Farbe_ALT-NEU_2025.png","type":"image\/png"}],"author":"Esther Wyrsch","twitter_card":"summary_large_image","twitter_misc":{"Written by":"Esther Wyrsch"},"schema":{"@context":"https:\/\/schema.org","@graph":[{"@type":"Article","@id":"https:\/\/sperrag.ch\/fr\/le-contreplaque-wisa-revetu-recoit-une-nouvelle-nuance-de-couleur\/#article","isPartOf":{"@id":"https:\/\/sperrag.ch\/fr\/le-contreplaque-wisa-revetu-recoit-une-nouvelle-nuance-de-couleur\/"},"author":{"name":"Esther Wyrsch","@id":"https:\/\/sperrag.ch\/#\/schema\/person\/3ba2bd96a26ada41d932faa65d5678ec"},"headline":"Le contreplaqu\u00e9 WISA\u00ae rev\u00eatu re\u00e7oit une nouvelle nuance de couleur","datePublished":"2025-02-04T14:11:57+00:00","dateModified":"2025-02-04T14:23:08+00:00","mainEntityOfPage":{"@id":"https:\/\/sperrag.ch\/fr\/le-contreplaque-wisa-revetu-recoit-une-nouvelle-nuance-de-couleur\/"},"wordCount":12,"publisher":{"@id":"https:\/\/sperrag.ch\/#organization"},"image":{"@id":"https:\/\/sperrag.ch\/fr\/le-contreplaque-wisa-revetu-recoit-une-nouvelle-nuance-de-couleur\/#primaryimage"},"thumbnailUrl":"https:\/\/sperrag.ch\/wp-content\/uploads\/WISA_Form_Wire_Farbe_ALT-NEU_2025.png","articleSection":["Non classifi\u00e9(e)"],"inLanguage":"fr-FR"},{"@type":"WebPage","@id":"https:\/\/sperrag.ch\/fr\/le-contreplaque-wisa-revetu-recoit-une-nouvelle-nuance-de-couleur\/","url":"https:\/\/sperrag.ch\/fr\/le-contreplaque-wisa-revetu-recoit-une-nouvelle-nuance-de-couleur\/","name":"Le contreplaqu\u00e9 WISA\u00ae rev\u00eatu re\u00e7oit une nouvelle nuance de couleur - sperrag","isPartOf":{"@id":"https:\/\/sperrag.ch\/#website"},"primaryImageOfPage":{"@id":"https:\/\/sperrag.ch\/fr\/le-contreplaque-wisa-revetu-recoit-une-nouvelle-nuance-de-couleur\/#primaryimage"},"image":{"@id":"https:\/\/sperrag.ch\/fr\/le-contreplaque-wisa-revetu-recoit-une-nouvelle-nuance-de-couleur\/#primaryimage"},"thumbnailUrl":"https:\/\/sperrag.ch\/wp-content\/uploads\/WISA_Form_Wire_Farbe_ALT-NEU_2025.png","datePublished":"2025-02-04T14:11:57+00:00","dateModified":"2025-02-04T14:23:08+00:00","breadcrumb":{"@id":"https:\/\/sperrag.ch\/fr\/le-contreplaque-wisa-revetu-recoit-une-nouvelle-nuance-de-couleur\/#breadcrumb"},"inLanguage":"fr-FR","potentialAction":[{"@type":"ReadAction","target":["https:\/\/sperrag.ch\/fr\/le-contreplaque-wisa-revetu-recoit-une-nouvelle-nuance-de-couleur\/"]}]},{"@type":"ImageObject","inLanguage":"fr-FR","@id":"https:\/\/sperrag.ch\/fr\/le-contreplaque-wisa-revetu-recoit-une-nouvelle-nuance-de-couleur\/#primaryimage","url":"https:\/\/sperrag.ch\/wp-content\/uploads\/WISA_Form_Wire_Farbe_ALT-NEU_2025.png","contentUrl":"https:\/\/sperrag.ch\/wp-content\/uploads\/WISA_Form_Wire_Farbe_ALT-NEU_2025.png","width":756,"height":378},{"@type":"BreadcrumbList","@id":"https:\/\/sperrag.ch\/fr\/le-contreplaque-wisa-revetu-recoit-une-nouvelle-nuance-de-couleur\/#breadcrumb","itemListElement":[{"@type":"ListItem","position":1,"name":"Home","item":"https:\/\/sperrag.ch\/fr\/"},{"@type":"ListItem","position":2,"name":"Le contreplaqu\u00e9 WISA\u00ae rev\u00eatu re\u00e7oit une nouvelle nuance de couleur"}]},{"@type":"WebSite","@id":"https:\/\/sperrag.ch\/#website","url":"https:\/\/sperrag.ch\/","name":"sperrag","description":"","publisher":{"@id":"https:\/\/sperrag.ch\/#organization"},"potentialAction":[{"@type":"SearchAction","target":{"@type":"EntryPoint","urlTemplate":"https:\/\/sperrag.ch\/?s={search_term_string}"},"query-input":{"@type":"PropertyValueSpecification","valueRequired":true,"valueName":"search_term_string"}}],"inLanguage":"fr-FR"},{"@type":"Organization","@id":"https:\/\/sperrag.ch\/#organization","name":"sperrag ag","url":"https:\/\/sperrag.ch\/","logo":{"@type":"ImageObject","inLanguage":"fr-FR","@id":"https:\/\/sperrag.ch\/#\/schema\/logo\/image\/","url":"https:\/\/sperrag.ch\/wp-content\/uploads\/Sperrag_logo.svg","contentUrl":"https:\/\/sperrag.ch\/wp-content\/uploads\/Sperrag_logo.svg","width":421,"height":89,"caption":"sperrag ag"},"image":{"@id":"https:\/\/sperrag.ch\/#\/schema\/logo\/image\/"},"sameAs":["https:\/\/www.linkedin.com\/company\/sperrag-ag"]},{"@type":"Person","@id":"https:\/\/sperrag.ch\/#\/schema\/person\/3ba2bd96a26ada41d932faa65d5678ec","name":"Esther Wyrsch","image":{"@type":"ImageObject","inLanguage":"fr-FR","@id":"https:\/\/secure.gravatar.com\/avatar\/2158d93781ae17df802331c03a042bc4d72739d8f49dfc53ca4eeff631605cef?s=96&d=mm&r=g","url":"https:\/\/secure.gravatar.com\/avatar\/2158d93781ae17df802331c03a042bc4d72739d8f49dfc53ca4eeff631605cef?s=96&d=mm&r=g","contentUrl":"https:\/\/secure.gravatar.com\/avatar\/2158d93781ae17df802331c03a042bc4d72739d8f49dfc53ca4eeff631605cef?s=96&d=mm&r=g","caption":"Esther Wyrsch"}}]}},"_links":{"self":[{"href":"https:\/\/sperrag.ch\/fr\/wp-json\/wp\/v2\/posts\/9086","targetHints":{"allow":["GET"]}}],"collection":[{"href":"https:\/\/sperrag.ch\/fr\/wp-json\/wp\/v2\/posts"}],"about":[{"href":"https:\/\/sperrag.ch\/fr\/wp-json\/wp\/v2\/types\/post"}],"author":[{"embeddable":true,"href":"https:\/\/sperrag.ch\/fr\/wp-json\/wp\/v2\/users\/5"}],"replies":[{"embeddable":true,"href":"https:\/\/sperrag.ch\/fr\/wp-json\/wp\/v2\/comments?post=9086"}],"version-history":[{"count":13,"href":"https:\/\/sperrag.ch\/fr\/wp-json\/wp\/v2\/posts\/9086\/revisions"}],"predecessor-version":[{"id":9104,"href":"https:\/\/sperrag.ch\/fr\/wp-json\/wp\/v2\/posts\/9086\/revisions\/9104"}],"wp:featuredmedia":[{"embeddable":true,"href":"https:\/\/sperrag.ch\/fr\/wp-json\/wp\/v2\/media\/9064"}],"wp:attachment":[{"href":"https:\/\/sperrag.ch\/fr\/wp-json\/wp\/v2\/media?parent=9086"}],"wp:term":[{"taxonomy":"category","embeddable":true,"href":"https:\/\/sperrag.ch\/fr\/wp-json\/wp\/v2\/categories?post=9086"},{"taxonomy":"post_tag","embeddable":true,"href":"https:\/\/sperrag.ch\/fr\/wp-json\/wp\/v2\/tags?post=9086"}],"curies":[{"name":"wp","href":"https:\/\/api.w.org\/{rel}","templated":true}]}}